{"id":9093,"date":"2011-12-13T00:19:06","date_gmt":"2011-12-13T02:19:06","guid":{"rendered":"http:\/\/fachodeluz.blog.br\/wp\/?p=9093"},"modified":"2011-12-13T00:35:17","modified_gmt":"2011-12-13T02:35:17","slug":"tesouros-da-metafisica-19","status":"publish","type":"post","link":"https:\/\/www.fachodeluz.blog.br\/wp\/2011\/12\/13\/tesouros-da-metafisica-19\/","title":{"rendered":"Tesouros da Metaf\u00edsica-19"},"content":{"rendered":"<h1 align=\"center\"><a href=\"https:\/\/i0.wp.com\/fachodeluz.blog.br\/wp\/wp-content\/uploads\/2011\/12\/tm19.gif\"><img data-recalc-dims=\"1\" loading=\"lazy\" decoding=\"async\" loading=\"lazy\" class=\"aligncenter size-full wp-image-9094\" title=\"tm19\" src=\"https:\/\/i0.wp.com\/fachodeluz.blog.br\/wp\/wp-content\/uploads\/2011\/12\/tm19.gif?resize=450%2C301\" alt=\"\" width=\"450\" height=\"301\" srcset=\"https:\/\/i0.wp.com\/www.fachodeluz.blog.br\/wp\/wp-content\/uploads\/2011\/12\/tm19.gif?w=450&amp;ssl=1 450w, https:\/\/i0.wp.com\/www.fachodeluz.blog.br\/wp\/wp-content\/uploads\/2011\/12\/tm19.gif?resize=300%2C200&amp;ssl=1 300w\" sizes=\"auto, (max-width: 450px) 100vw, 450px\" \/><\/a><\/h1>\n<h1 align=\"center\"><span style=\"color: #ffffff;\">.<\/span><\/h1>\n<h1 align=\"center\"><span style=\"color: #004700;\">Tesouros da Metaf\u00edsica<\/span><\/h1>\n<h3 style=\"text-align: center;\"><span style=\"color: #004700;\"><strong>D\u00e1rcio<\/strong><\/span><\/h3>\n<h1 align=\"center\"><span style=\"color: #004700;\">19<\/span><\/h1>\n<h2 align=\"center\"><\/h2>\n<h2 align=\"center\"><span style=\"color: #004700;\">O\u00a0 universo, e\u00a0 tudo que ele cont\u00e9m, \u00e9 Deus. O que compreende ou abrange Deus, constitui a Ess\u00eancia, a Subst\u00e2ncia, a Atividade, a Intelig\u00eancia e a Forma de TUDO QUE EST\u00c1 FORMADO. Assim como Deus \u00e9 eterno, sem come\u00e7o e sem fim, tudo que Deus \u00e9, aparecendo <em>como<\/em>, tamb\u00e9m permanece perenemente em seu estado de perfei\u00e7\u00e3o imut\u00e1vel eterna. Deus n\u00e3o fica \u00e0 merc\u00ea de circunst\u00e2ncias ou mudan\u00e7as. Deus n\u00e3o se sujeita a desintegra\u00e7\u00e3o, destrui\u00e7\u00e3o ou distor\u00e7\u00e3o. Deus n\u00e3o se submete \u00e0s dores do nascimento ou \u00e0s ang\u00fastias da morte. Deus n\u00e3o tem consci\u00eancia dEle pr\u00f3prio como estando \u00e0 merc\u00ea de tais falsidades, nem pode Ele ser conhecido estando sujeito a elas. Jamais algo pode ser acrescentado \u00e0 Totalidade de Deus; jamais algo pode ser tirado dEla. A VERDADE \u00c9 ESTA! Poderia ser diferente? Se Deus <em>\u00c9,<\/em> \u00a0e tem consci\u00eancia de ser ELE PR\u00d3PRIO a Subst\u00e2ncia, Vida, Forma, Mente de toda a Exist\u00eancia <em>COMO<\/em> ELE MESMO? Deus, realmente, \u00e9 a <em>\u00fanica<\/em> Mente. Ele \u00e9 a <em>\u00fanica<\/em> Mente que conhece algo, e \u00e9 toda Ess\u00eancia, Subst\u00e2ncia, Forma e Atividade daquilo que Ele conhece.<\/span><\/h2>\n<h2 align=\"center\"><span style=\"color: #004700;\">Caro leitor, sua quest\u00e3o \u00e9 entender de que forma isto se relaciona com voc\u00ea? Ou como isto lhe servir\u00e1 de ajuda na solu\u00e7\u00e3o de algum aparente problema? Garanto-lhe o seguinte: ESTE \u00c9 O \u00daNICO CAMINHO. Voc\u00ea saber\u00e1 que n\u00e3o tem problema algum para ser resolvido. Ser-lhe-\u00e1 revelado que somente o que \u00e9 verdade para Deus, \u00e9 verdade para voc\u00ea. De fato, voc\u00ea existe <em>como<\/em> a pr\u00f3pria Presen\u00e7a daquilo que Deus \u00e9. Tanto em voc\u00ea como em sua experi\u00eancia, nada h\u00e1 que esteja presente, sen\u00e3o Deus. A Mente que \u00e9 Deus desconhece problemas n\u00e3o resolvidos. E, qual outra Mente poderia identificar-Se <em>como<\/em> sua Mente, sen\u00e3o a Mente divina, que \u00e9 \u00fanica?<\/span><\/h2>\n<h3 align=\"center\"><span style=\"color: #004700;\">(Marie S. Watts)<\/span><\/h3>\n<h3 align=\"center\"><span style=\"color: #004700;\"><strong>Meramente cren\u00e7as falsas sugerem uma exist\u00eancia material em que seres nascem e morrem. Nada disso tem respaldo da Verdade, que \u00e9 o Universo permanente de Deus em unidade perfeita! O que a autora exp\u00f5e sobre Deus se deve unicamente a este Fato: Deus e Homem s\u00e3o um e o mesmo! \u201c<em>O que \u00e9 Verdade para Deus \u00e9 Verdade para VOC\u00ca; de fato, VOC\u00ca existe como a pr\u00f3pria Presen\u00e7a daquilo que Deus \u00e9. (&#8230;) A Mente que \u00e9 Deus desconhece problemas n\u00e3o resolvidos. Qual \u201coutra Mente\u201d poderia identificar-Se como a SUA?\u201d<\/em><\/strong><\/span><\/h3>\n<h3 align=\"center\"><span style=\"color: #004700;\"><strong>Aceite a Verdade com \u201ccora\u00e7\u00e3o de menino\u201d, fa\u00e7a suas \u201ccontempla\u00e7\u00f5es\u201d com a m\u00e1xima naturalidade e simplicidade! <em>\u201cAquilo que Deus \u00e9, EU SOU!\u201d<\/em> Serenamente vivencie o Fato eterno da Exist\u00eancia: DEUS <em>sendo<\/em> VOC\u00ca!<\/strong><\/span><\/h3>\n<h4 style=\"text-align: right;\" align=\"center\"><span style=\"color: #004700;\"><em><strong>Continue&#8230;&gt;<\/strong><\/em><\/span><\/h4>\n<p>&nbsp;<\/p>\n","protected":false},"excerpt":{"rendered":"<p>. Tesouros da Metaf\u00edsica D\u00e1rcio 19 O\u00a0 universo, e\u00a0 tudo que ele cont\u00e9m, \u00e9 Deus. O que compreende ou abrange Deus, constitui a Ess\u00eancia, a Subst\u00e2ncia, a Atividade, a Intelig\u00eancia e a Forma de TUDO QUE EST\u00c1 FORMADO. Assim como Deus \u00e9 eterno, sem come\u00e7o e sem fim, tudo que Deus \u00e9, aparecendo como, tamb\u00e9m &hellip; <\/p>\n<p class=\"link-more\"><a href=\"https:\/\/www.fachodeluz.blog.br\/wp\/2011\/12\/13\/tesouros-da-metafisica-19\/\" class=\"more-link\">Leia mais<span class=\"screen-reader-text\"> &#8220;Tesouros da Metaf\u00edsica-19&#8221;<\/span><\/a><\/p>\n","protected":false},"author":2,"featured_media":0,"comment_status":"open","ping_status":"open","sticky":false,"template":"","format":"standard","meta":{"nf_dc_page":"","_crdt_document":"","footnotes":""},"categories":[10],"tags":[],"class_list":["post-9093","post","type-post","status-publish","format-standard","hentry","category-darcio-dezolt"],"featured_media_urls":[],"_links":{"self":[{"href":"https:\/\/www.fachodeluz.blog.br\/wp\/wp-json\/wp\/v2\/posts\/9093","targetHints":{"allow":["GET"]}}],"collection":[{"href":"https:\/\/www.fachodeluz.blog.br\/wp\/wp-json\/wp\/v2\/posts"}],"about":[{"href":"https:\/\/www.fachodeluz.blog.br\/wp\/wp-json\/wp\/v2\/types\/post"}],"author":[{"embeddable":true,"href":"https:\/\/www.fachodeluz.blog.br\/wp\/wp-json\/wp\/v2\/users\/2"}],"replies":[{"embeddable":true,"href":"https:\/\/www.fachodeluz.blog.br\/wp\/wp-json\/wp\/v2\/comments?post=9093"}],"version-history":[{"count":0,"href":"https:\/\/www.fachodeluz.blog.br\/wp\/wp-json\/wp\/v2\/posts\/9093\/revisions"}],"wp:attachment":[{"href":"https:\/\/www.fachodeluz.blog.br\/wp\/wp-json\/wp\/v2\/media?parent=9093"}],"wp:term":[{"taxonomy":"category","embeddable":true,"href":"https:\/\/www.fachodeluz.blog.br\/wp\/wp-json\/wp\/v2\/categories?post=9093"},{"taxonomy":"post_tag","embeddable":true,"href":"https:\/\/www.fachodeluz.blog.br\/wp\/wp-json\/wp\/v2\/tags?post=9093"}],"curies":[{"name":"wp","href":"https:\/\/api.w.org\/{rel}","templated":true}]}}