{"id":9100,"date":"2011-12-14T02:16:21","date_gmt":"2011-12-14T04:16:21","guid":{"rendered":"http:\/\/fachodeluz.blog.br\/wp\/?p=9100"},"modified":"2011-12-14T02:21:43","modified_gmt":"2011-12-14T04:21:43","slug":"tesouros-da-metafisica-20","status":"publish","type":"post","link":"https:\/\/www.fachodeluz.blog.br\/wp\/2011\/12\/14\/tesouros-da-metafisica-20\/","title":{"rendered":"Tesouros da Metaf\u00edsica-20"},"content":{"rendered":"<h1 align=\"center\"><a href=\"https:\/\/i0.wp.com\/fachodeluz.blog.br\/wp\/wp-content\/uploads\/2011\/12\/tm20.gif\"><img data-recalc-dims=\"1\" loading=\"lazy\" decoding=\"async\" loading=\"lazy\" class=\"aligncenter size-full wp-image-9101\" title=\"tm20\" src=\"https:\/\/i0.wp.com\/fachodeluz.blog.br\/wp\/wp-content\/uploads\/2011\/12\/tm20.gif?resize=450%2C301\" alt=\"\" width=\"450\" height=\"301\" srcset=\"https:\/\/i0.wp.com\/www.fachodeluz.blog.br\/wp\/wp-content\/uploads\/2011\/12\/tm20.gif?w=450&amp;ssl=1 450w, https:\/\/i0.wp.com\/www.fachodeluz.blog.br\/wp\/wp-content\/uploads\/2011\/12\/tm20.gif?resize=300%2C200&amp;ssl=1 300w\" sizes=\"auto, (max-width: 450px) 100vw, 450px\" \/><\/a><\/h1>\n<h1 align=\"center\"><span style=\"color: #ffffff;\">.<\/span><\/h1>\n<h1 align=\"center\"><span style=\"color: #844f00;\">Tesouros da Metaf\u00edsica<\/span><\/h1>\n<h3 style=\"text-align: center;\"><span style=\"color: #844f00;\"><strong>D\u00e1rcio<\/strong><\/span><\/h3>\n<h1 align=\"center\"><span style=\"color: #844f00;\">20<\/span><\/h1>\n<h2 align=\"center\"><\/h2>\n<h2 align=\"center\"><span style=\"color: #844f00;\">Dizer que o mal existe como um poder, \u00e9 <em>negar a Deus<\/em> como sendo o poder \u00fanico. Para que algo pudesse ter poder sobre o homem, ele teria de preceder o homem. O mal n\u00e3o tinha poder ou exist\u00eancia aparente, at\u00e9 que o homem aceitasse a cren\u00e7a em um poder oposto a Deus. Portanto, o mal n\u00e3o \u00e9 um poder, sendo meramente uma cren\u00e7a falsa, retida pelo homem em sua pr\u00f3pria imagina\u00e7\u00e3o. <em>E como o pr\u00f3prio homem \u00e9 o respons\u00e1vel pela falsa cren\u00e7a no mal, pode ele se livrar deste suposto poder simplesmente se recusando \u00a0a acreditar nele.<\/em> Trate o poder do mal tal como voc\u00ea o faria com qualquer outro problema, rejeitando-o como mentira sempre que lhe vier \u00e0 mente. Pela sua recusa em acreditar que o mal tenha um poder al\u00e9m daquele que voc\u00ea lhe atribui , por nele acreditar, logo se ver\u00e1 livre das v\u00e1rias formas sob as quais o suposto &#8220;poder maligno&#8221; aparenta manifestar-se. (&#8230;). Pare de acreditar no mal, e sua apar\u00eancia de exist\u00eancia cessar\u00e1, pois Deus \u00e9 TUDO.<\/span><\/h2>\n<h3 align=\"center\"><span style=\"color: #844f00;\">(Vivian May Williams)<\/span><\/h3>\n<h3 align=\"center\"><span style=\"color: #844f00;\"><strong>Aqui \u00e9 explicado que DEUS \u00c9 TUDO, ou seja, Deus conhece unicamente o que Ele pr\u00f3prio <em>\u00c9!<\/em> A autora explica que todo \u201cmal\u201d \u00e9 uma cren\u00e7a retida pelo pr\u00f3prio homem, preso \u00e0 ilus\u00e3o de que h\u00e1 \u201cpoder oposto a Deus\u201d. Esta cren\u00e7a falsa \u00a0se tornou coletiva e, caber\u00e1 a voc\u00ea, como estudante da \u00a0Verdade, desmenti-la com o Princ\u00edpio da <em>Totalidade e Unicidade do Poder de Deus.<\/em> Assim como um boato se esvai em seu pr\u00f3prio vazio, a cren\u00e7a em \u201coutro poder\u201d, contr\u00e1rio a Deus, igualmente se esvai, quando &#8220;contemplamos a Onipot\u00eancia&#8221; como express\u00e3o infinita. <em>\u201cTodo poder me \u00e9 dado no c\u00e9u e na terra\u201d,<\/em> diz a B\u00edblia. Assim, em vez de acreditar em \u201cpoder maligno\u201d, assuma a Onipot\u00eancia em sua pr\u00f3pria Consci\u00eancia. Sua aten\u00e7\u00e3o, integralmente voltada \u00e0 Consci\u00eancia todo-poderosa,\u00a0 o far\u00e1 parar de \u201cacreditar no mal<em>\u201d&#8230; E ent\u00e3o, diz a autora, \u201csua apar\u00eancia de exist\u00eancia cessar\u00e1, pois Deus \u00e9 TUDO\u201d. <\/em>\u00c9 este o exato sentido das palavras de Jesus, quando disse: <em>&#8220;N\u00e3o resistais ao maligno&#8221;.<\/em><\/strong><\/span><\/h3>\n<p style=\"text-align: right;\" align=\"center\"><span style=\"color: #844f00;\"><strong><em>Continua..&gt;<\/em><\/strong><\/span><\/p>\n","protected":false},"excerpt":{"rendered":"<p>. Tesouros da Metaf\u00edsica D\u00e1rcio 20 Dizer que o mal existe como um poder, \u00e9 negar a Deus como sendo o poder \u00fanico. Para que algo pudesse ter poder sobre o homem, ele teria de preceder o homem. O mal n\u00e3o tinha poder ou exist\u00eancia aparente, at\u00e9 que o homem aceitasse a cren\u00e7a em um &hellip; <\/p>\n<p class=\"link-more\"><a href=\"https:\/\/www.fachodeluz.blog.br\/wp\/2011\/12\/14\/tesouros-da-metafisica-20\/\" class=\"more-link\">Leia mais<span class=\"screen-reader-text\"> &#8220;Tesouros da Metaf\u00edsica-20&#8221;<\/span><\/a><\/p>\n","protected":false},"author":2,"featured_media":0,"comment_status":"open","ping_status":"open","sticky":false,"template":"","format":"standard","meta":{"nf_dc_page":"","_crdt_document":"","footnotes":""},"categories":[10],"tags":[],"class_list":["post-9100","post","type-post","status-publish","format-standard","hentry","category-darcio-dezolt"],"featured_media_urls":[],"_links":{"self":[{"href":"https:\/\/www.fachodeluz.blog.br\/wp\/wp-json\/wp\/v2\/posts\/9100","targetHints":{"allow":["GET"]}}],"collection":[{"href":"https:\/\/www.fachodeluz.blog.br\/wp\/wp-json\/wp\/v2\/posts"}],"about":[{"href":"https:\/\/www.fachodeluz.blog.br\/wp\/wp-json\/wp\/v2\/types\/post"}],"author":[{"embeddable":true,"href":"https:\/\/www.fachodeluz.blog.br\/wp\/wp-json\/wp\/v2\/users\/2"}],"replies":[{"embeddable":true,"href":"https:\/\/www.fachodeluz.blog.br\/wp\/wp-json\/wp\/v2\/comments?post=9100"}],"version-history":[{"count":0,"href":"https:\/\/www.fachodeluz.blog.br\/wp\/wp-json\/wp\/v2\/posts\/9100\/revisions"}],"wp:attachment":[{"href":"https:\/\/www.fachodeluz.blog.br\/wp\/wp-json\/wp\/v2\/media?parent=9100"}],"wp:term":[{"taxonomy":"category","embeddable":true,"href":"https:\/\/www.fachodeluz.blog.br\/wp\/wp-json\/wp\/v2\/categories?post=9100"},{"taxonomy":"post_tag","embeddable":true,"href":"https:\/\/www.fachodeluz.blog.br\/wp\/wp-json\/wp\/v2\/tags?post=9100"}],"curies":[{"name":"wp","href":"https:\/\/api.w.org\/{rel}","templated":true}]}}