{"id":9105,"date":"2011-12-15T00:47:49","date_gmt":"2011-12-15T02:47:49","guid":{"rendered":"http:\/\/fachodeluz.blog.br\/wp\/?p=9105"},"modified":"2011-12-15T00:58:05","modified_gmt":"2011-12-15T02:58:05","slug":"tesouros-da-metafisica-21","status":"publish","type":"post","link":"https:\/\/www.fachodeluz.blog.br\/wp\/2011\/12\/15\/tesouros-da-metafisica-21\/","title":{"rendered":"Tesouros da Metaf\u00edsica-21"},"content":{"rendered":"<h2 align=\"center\"><img data-recalc-dims=\"1\" loading=\"lazy\" decoding=\"async\" loading=\"lazy\" class=\"aligncenter size-full wp-image-9106\" title=\"tm21\" src=\"https:\/\/i0.wp.com\/fachodeluz.blog.br\/wp\/wp-content\/uploads\/2011\/12\/tm21.gif?resize=450%2C299\" alt=\"\" width=\"450\" height=\"299\" srcset=\"https:\/\/i0.wp.com\/www.fachodeluz.blog.br\/wp\/wp-content\/uploads\/2011\/12\/tm21.gif?w=450&amp;ssl=1 450w, https:\/\/i0.wp.com\/www.fachodeluz.blog.br\/wp\/wp-content\/uploads\/2011\/12\/tm21.gif?resize=300%2C199&amp;ssl=1 300w\" sizes=\"auto, (max-width: 450px) 100vw, 450px\" \/><\/h2>\n<h1 align=\"center\"><span style=\"color: #ffffff;\">.<\/span><\/h1>\n<h1 style=\"text-align: center;\" align=\"center\"><span style=\"color: #24246e;\">Tesouros da Metaf\u00edsica<\/span><\/h1>\n<h3 style=\"text-align: center;\"><span style=\"color: #24246e;\"><strong>D\u00e1rcio<\/strong><\/span><\/h3>\n<h1 align=\"center\"><span style=\"color: #24246e;\">21<\/span><\/h1>\n<h2 align=\"center\"><span style=\"color: #24246e;\">\u00c0 luz das frequentes previs\u00f5es assoladoras em rela\u00e7\u00e3o \u00e0 economia, \u00e9 reconfortante compreender a totalidade de Deus. Muita gente tem se apercebido de que a <em>Ci\u00eancia Crist\u00e3<\/em> lhes tem ensinado uma maneira pr\u00e1tica e sensata de confiar nEle ao procurar orienta\u00e7\u00e3o, quando confrontados com alguma dificuldade. Assim, examinemos cuidadosamente as b\u00ean\u00e7\u00e3os deste dia em vez de tentar resolver hoje os problemas do dia de amanh\u00e3. O confiar na invari\u00e1vel e inesgot\u00e1vel bondade de Deus concede-nos uma base segura, a partir da qual poderemos combater qualquer previs\u00e3o sombria sobre o dia de amanh\u00e3. Numa de suas obras, a Sra. Eddy aconselha:<em> \u201cNunca pe\u00e7ais para o dia de amanh\u00e3; \u00e9 suficiente que o Amor divino seja socorro bem presente; e se esperardes, sem jamais duvidar, tereis a todo o momento tudo o que necessitais.\u201d<\/em><\/span><\/h2>\n<h3 align=\"center\"><span style=\"color: #24246e;\">(Irene S. Bowker)<\/span><\/h3>\n<h3 align=\"center\"><span style=\"color: #24246e;\"><strong>A compreens\u00e3o da TOTALIDADE DE DEUS exclui a \u201ccren\u00e7a no tempo\u201d, fazendo com que \u201ccontemplemos o AGORA\u201d em que Deus e o Ser que somos, s\u00e3o UM. Esta perman\u00eancia no Agora nos deixa imunes \u00e0s supostas car\u00eancias e limita\u00e7\u00f5es das \u201capar\u00eancias\u201d, uma vez que este \u201cAgora absoluto\u201d \u00e9 a Eternidade Autossustida em Si. Jesus disse: <em>\u201cPortanto, n\u00e3o vos inquieteis com o dia de amanh\u00e3, pois o amanh\u00e3 trar\u00e1 os seus cuidados; basta ao dia o seu pr\u00f3prio mal\u201d.<\/em> Voc\u00ea disp\u00f5e de ar para respirar e sequer se lembra dele, pois, n\u00e3o vive preocupado com o suposto ar de que necessitar\u00e1 em algum amanh\u00e3! Isto por voc\u00ea saber que este controle est\u00e1 acima do seu dom\u00ednio; e assim, sem se sentir capaz de assumir o peso da responsabilidade, no sentido de se preocupar com o seu suprimento de ar no futuro, simplesmente voc\u00ea se esquiva do assunto! E quanto ao restante das coisas, por que voc\u00ea vive se preocupando com elas? Por imaginar que pesa sobre seus ombros a responsabilidade de supri-las, dia ap\u00f3s dia! \u201cVinde a Mim\u201d \u2013 eis o chamado que elimina pela raiz a \u201cilus\u00e3o\u201d de que temos, pessoalmente, qualquer responsabilidade por nossas vidas.<\/strong><\/span><\/h3>\n<h3 align=\"center\"><span style=\"color: #24246e;\"><strong>Este texto, al\u00e9m de frisar o importante princ\u00edp\u00edo da \u201cVida do Agora\u201d, explica que devemos examinar \u201ccuidadosamente as b\u00ean\u00e7\u00e3os deste dia\u201d, em vez de nos lan\u00e7armos num suposto \u201cfuturo incerto\u201d e, por isso, vivermos temerosos. Este cuidadoso exame di\u00e1rio, das gra\u00e7as recebidas, nos leva a confiar na provid\u00eancia natural da Onia\u00e7\u00e3o, que abrange nossas a\u00e7\u00f5es individuais, tirando-nos a aten\u00e7\u00e3o por inteiro do ilus\u00f3rio \u201cfuturo\u201d das apar\u00eancias. <\/strong><\/span><\/h3>\n<h3 align=\"center\"><span style=\"color: #24246e;\"><strong>\u00c9 nesse sentido que a Sra. Eddy diz:<em>\u201cNunca pe\u00e7ais para o dia de amanh\u00e3; \u00e9 suficiente que o Amor divino seja socorro bem presente; e se esperardes, sem jamais duvidar, tereis a todo o momento tudo o que necessitais\u201d.<\/em> A mente no \u201contem\u201d, ou no \u201camanh\u00e3\u201d, \u00e9 \u201cmente sintonizada na \u201caus\u00eancia\u201d de Subst\u00e2ncia divina; por outro lado, a mente no Agora, \u00e9 a Mente que \u00e9 Deus, a Subst\u00e2ncia do Todo, em unidade com a Mente real de todos n\u00f3s. Na B\u00edblia, em Tiago 1: 7, encontramos: <em>\u201cToda boa d\u00e1diva, e todo dom perfeito vem do Alto, descendo do Pai das Luzes, em Quem n\u00e3o pode haver varia\u00e7\u00e3o ou sombra de mudan\u00e7a\u201d.<\/em> Explica a Onia\u00e7\u00e3o, e \u201cnossa\u201d unidade com Ela.<\/strong><\/span><\/h3>\n<h4 style=\"text-align: right;\" align=\"center\"><span style=\"color: #24246e;\"><strong><em>Continua..&gt;<\/em><\/strong><\/span><\/h4>\n","protected":false},"excerpt":{"rendered":"<p>. Tesouros da Metaf\u00edsica D\u00e1rcio 21 \u00c0 luz das frequentes previs\u00f5es assoladoras em rela\u00e7\u00e3o \u00e0 economia, \u00e9 reconfortante compreender a totalidade de Deus. Muita gente tem se apercebido de que a Ci\u00eancia Crist\u00e3 lhes tem ensinado uma maneira pr\u00e1tica e sensata de confiar nEle ao procurar orienta\u00e7\u00e3o, quando confrontados com alguma dificuldade. Assim, examinemos cuidadosamente &hellip; <\/p>\n<p class=\"link-more\"><a href=\"https:\/\/www.fachodeluz.blog.br\/wp\/2011\/12\/15\/tesouros-da-metafisica-21\/\" class=\"more-link\">Leia mais<span class=\"screen-reader-text\"> &#8220;Tesouros da Metaf\u00edsica-21&#8221;<\/span><\/a><\/p>\n","protected":false},"author":2,"featured_media":0,"comment_status":"open","ping_status":"open","sticky":false,"template":"","format":"standard","meta":{"nf_dc_page":"","_crdt_document":"","footnotes":""},"categories":[10],"tags":[],"class_list":["post-9105","post","type-post","status-publish","format-standard","hentry","category-darcio-dezolt"],"featured_media_urls":[],"_links":{"self":[{"href":"https:\/\/www.fachodeluz.blog.br\/wp\/wp-json\/wp\/v2\/posts\/9105","targetHints":{"allow":["GET"]}}],"collection":[{"href":"https:\/\/www.fachodeluz.blog.br\/wp\/wp-json\/wp\/v2\/posts"}],"about":[{"href":"https:\/\/www.fachodeluz.blog.br\/wp\/wp-json\/wp\/v2\/types\/post"}],"author":[{"embeddable":true,"href":"https:\/\/www.fachodeluz.blog.br\/wp\/wp-json\/wp\/v2\/users\/2"}],"replies":[{"embeddable":true,"href":"https:\/\/www.fachodeluz.blog.br\/wp\/wp-json\/wp\/v2\/comments?post=9105"}],"version-history":[{"count":0,"href":"https:\/\/www.fachodeluz.blog.br\/wp\/wp-json\/wp\/v2\/posts\/9105\/revisions"}],"wp:attachment":[{"href":"https:\/\/www.fachodeluz.blog.br\/wp\/wp-json\/wp\/v2\/media?parent=9105"}],"wp:term":[{"taxonomy":"category","embeddable":true,"href":"https:\/\/www.fachodeluz.blog.br\/wp\/wp-json\/wp\/v2\/categories?post=9105"},{"taxonomy":"post_tag","embeddable":true,"href":"https:\/\/www.fachodeluz.blog.br\/wp\/wp-json\/wp\/v2\/tags?post=9105"}],"curies":[{"name":"wp","href":"https:\/\/api.w.org\/{rel}","templated":true}]}}