{"id":9124,"date":"2011-12-18T08:54:43","date_gmt":"2011-12-18T10:54:43","guid":{"rendered":"http:\/\/fachodeluz.blog.br\/wp\/?p=9124"},"modified":"2011-12-18T08:54:43","modified_gmt":"2011-12-18T10:54:43","slug":"tesouros-da-metafisica-24","status":"publish","type":"post","link":"https:\/\/www.fachodeluz.blog.br\/wp\/2011\/12\/18\/tesouros-da-metafisica-24\/","title":{"rendered":"Tesouros da Metaf\u00edsica-24"},"content":{"rendered":"<h1 align=\"center\"><a href=\"https:\/\/i0.wp.com\/fachodeluz.blog.br\/wp\/wp-content\/uploads\/2011\/12\/tm24.gif\"><img data-recalc-dims=\"1\" loading=\"lazy\" decoding=\"async\" loading=\"lazy\" class=\"aligncenter size-full wp-image-9125\" title=\"tm24\" src=\"https:\/\/i0.wp.com\/fachodeluz.blog.br\/wp\/wp-content\/uploads\/2011\/12\/tm24.gif?resize=450%2C292\" alt=\"\" width=\"450\" height=\"292\" srcset=\"https:\/\/i0.wp.com\/www.fachodeluz.blog.br\/wp\/wp-content\/uploads\/2011\/12\/tm24.gif?w=450&amp;ssl=1 450w, https:\/\/i0.wp.com\/www.fachodeluz.blog.br\/wp\/wp-content\/uploads\/2011\/12\/tm24.gif?resize=300%2C194&amp;ssl=1 300w\" sizes=\"auto, (max-width: 450px) 100vw, 450px\" \/><\/a><\/h1>\n<h1 align=\"center\"><span style=\"color: #ffffff;\">.<\/span><\/h1>\n<h1 align=\"center\"><span style=\"color: #49496e;\">Tesouros da Metaf\u00edsica<\/span><\/h1>\n<h3 style=\"text-align: center;\"><span style=\"color: #49496e;\"><strong>D\u00e1rcio<\/strong><\/span><\/h3>\n<h1 align=\"center\"><span style=\"color: #49496e;\">24<\/span><\/h1>\n<h2 align=\"center\"><span style=\"color: #49496e;\">Quest\u00f5es ligadas a cura, demonstra\u00e7\u00e3o, ou tratamento, durar\u00e3o enquanto perdurar a ideia da exist\u00eancia de um &#8220;pensador individual&#8221; separado. Tal pensador individual ir\u00e1 persistir, inclusive com a sensa\u00e7\u00e3o de disc\u00f3rdia, limita\u00e7\u00e3o e desarmonia, at\u00e9 que\u00a0 esta FALSA IDENTIFICA\u00c7\u00c3O termine. De nenhum outro modo Deus Se tornar\u00e1 uma Presen\u00e7a vital e vibrante em nossas vidas.<\/span><\/h2>\n<h2 align=\"center\"><span style=\"color: #49496e;\">Em primeiro lugar, abstraia-se das apar\u00eancias. N\u00e3o se esforce para cur\u00e1-las, domin\u00e1-las ou destru\u00ed-las, tampouco se esforce para delas discordar silenciosamente. Os esfor\u00e7os do \u201ceu pessoal\u201d s\u00e3o cegueira e restri\u00e7\u00e3o. Dirija o Cora\u00e7\u00e3o, a Alma e a Exist\u00eancia rumo \u00e0 aceita\u00e7\u00e3o da VERDADE EM SI, no Reino do Real. Fa\u00e7a, assim, sua identifica\u00e7\u00e3o unicamente com o Real. Como um indiv\u00edduo, ou uma express\u00e3o, ningu\u00e9m pode conhecer Liberdade, Paz, Perfei\u00e7\u00e3o, Integralidade. Uma coisa, apenas, \u00e9 de valor, uma coisa superior a ganhar o mundo inteiro: <em>ENTRAR NA REALIDADE IDENTIFICADO COMO O PR\u00d3PRIO EU.<\/em><\/span><\/h2>\n<h3 align=\"center\"><span style=\"color: #49496e;\">(Lillian DeWaters)<\/span><\/h3>\n<h3 align=\"center\"><span style=\"color: #49496e;\"><strong>Este \u00e9 um texto absoluto. Parte unicamente da exist\u00eancia de Deus como TUDO, e, em vista disso, explica basicamente dois pontos essenciais: 1) devemos nos desvincular por completo da <em>FALSA IDENTIFICA\u00c7\u00c3O <\/em>com suposta \u201cmente humana pessoal\u201d, que acredita em problemas e em solu\u00e7\u00e3o dos mesmos; 2) devemos desconsiderar por completo o \u201cmundo de apar\u00eancias\u201d para nos contemplarmos <em>sendo<\/em> o pr\u00f3prio Deus no Reino de Deus.<\/strong><\/span><\/h3>\n<h3 align=\"center\"><span style=\"color: #49496e;\"><strong>Estes dois pontos s\u00e3o \u201ccontemplativos\u201d, e n\u00e3o nos basta meramente aceit\u00e1-los intelectualmente, o que equivaleria a se admitir &#8220;pensador separado&#8221;. Requerem discernimento espiritual e radical, por serem a Verdade absoluta revelada pelos grandes mestres da humanidade. Jesus, por exemplo, ao revelar que \u201cn\u00e3o somos deste mundo\u201d, e que devemos \u201cbuscar o reino de Deus em primeiro lugar\u201d, estava colocando estes dois pontos como foco para a \u201cpr\u00e1tica da Verdade\u201d. E, quando disse \u201cnos ter dado a gl\u00f3ria para sermos um com Deus\u201d (Jo\u00e3o, 17: 22), tinha por objetivo o que diz a autora neste texto: \u201cque entr\u00e1ssemos na REALIDADE identificados como o pr\u00f3prio EU\u201d. Fa\u00e7amos isto, cientes de que \u201centrar na Realidade\u201d \u00e9 simplesmente discernir o Fato permanente de que \u201cnEla\u201d sempre estivemos, estamos e estaremos! Esta \u00e9 a vis\u00e3o tida por Paulo, quando disse:<em> \u201cEm Deus vivemos, nos movemos e temos o nosso Ser\u201d<\/em> (Atos, 17: 28).<\/strong><\/span><\/h3>\n<p style=\"text-align: right;\"><span style=\"color: #49496e;\">\u00a0<strong><em>Continua..&gt;<\/em><\/strong><\/span><\/p>\n<h3 style=\"text-align: right;\" align=\"center\"><\/h3>\n","protected":false},"excerpt":{"rendered":"<p>. Tesouros da Metaf\u00edsica D\u00e1rcio 24 Quest\u00f5es ligadas a cura, demonstra\u00e7\u00e3o, ou tratamento, durar\u00e3o enquanto perdurar a ideia da exist\u00eancia de um &#8220;pensador individual&#8221; separado. Tal pensador individual ir\u00e1 persistir, inclusive com a sensa\u00e7\u00e3o de disc\u00f3rdia, limita\u00e7\u00e3o e desarmonia, at\u00e9 que\u00a0 esta FALSA IDENTIFICA\u00c7\u00c3O termine. De nenhum outro modo Deus Se tornar\u00e1 uma Presen\u00e7a vital &hellip; <\/p>\n<p class=\"link-more\"><a href=\"https:\/\/www.fachodeluz.blog.br\/wp\/2011\/12\/18\/tesouros-da-metafisica-24\/\" class=\"more-link\">Leia mais<span class=\"screen-reader-text\"> &#8220;Tesouros da Metaf\u00edsica-24&#8221;<\/span><\/a><\/p>\n","protected":false},"author":2,"featured_media":0,"comment_status":"open","ping_status":"open","sticky":false,"template":"","format":"standard","meta":{"nf_dc_page":"","_crdt_document":"","footnotes":""},"categories":[10],"tags":[],"class_list":["post-9124","post","type-post","status-publish","format-standard","hentry","category-darcio-dezolt"],"featured_media_urls":[],"_links":{"self":[{"href":"https:\/\/www.fachodeluz.blog.br\/wp\/wp-json\/wp\/v2\/posts\/9124","targetHints":{"allow":["GET"]}}],"collection":[{"href":"https:\/\/www.fachodeluz.blog.br\/wp\/wp-json\/wp\/v2\/posts"}],"about":[{"href":"https:\/\/www.fachodeluz.blog.br\/wp\/wp-json\/wp\/v2\/types\/post"}],"author":[{"embeddable":true,"href":"https:\/\/www.fachodeluz.blog.br\/wp\/wp-json\/wp\/v2\/users\/2"}],"replies":[{"embeddable":true,"href":"https:\/\/www.fachodeluz.blog.br\/wp\/wp-json\/wp\/v2\/comments?post=9124"}],"version-history":[{"count":0,"href":"https:\/\/www.fachodeluz.blog.br\/wp\/wp-json\/wp\/v2\/posts\/9124\/revisions"}],"wp:attachment":[{"href":"https:\/\/www.fachodeluz.blog.br\/wp\/wp-json\/wp\/v2\/media?parent=9124"}],"wp:term":[{"taxonomy":"category","embeddable":true,"href":"https:\/\/www.fachodeluz.blog.br\/wp\/wp-json\/wp\/v2\/categories?post=9124"},{"taxonomy":"post_tag","embeddable":true,"href":"https:\/\/www.fachodeluz.blog.br\/wp\/wp-json\/wp\/v2\/tags?post=9124"}],"curies":[{"name":"wp","href":"https:\/\/api.w.org\/{rel}","templated":true}]}}