{"id":9519,"date":"2012-02-11T02:23:47","date_gmt":"2012-02-11T04:23:47","guid":{"rendered":"http:\/\/fachodeluz.blog.br\/wp\/?p=9519"},"modified":"2012-02-11T09:25:34","modified_gmt":"2012-02-11T11:25:34","slug":"toda-oracao-correta-esta-atendida","status":"publish","type":"post","link":"https:\/\/www.fachodeluz.blog.br\/wp\/2012\/02\/11\/toda-oracao-correta-esta-atendida\/","title":{"rendered":"Toda Ora\u00e7\u00e3o Correta Est\u00e1  Atendida"},"content":{"rendered":"<h2 style=\"text-align: center;\"><a href=\"https:\/\/i0.wp.com\/fachodeluz.blog.br\/wp\/wp-content\/uploads\/2012\/02\/prayer.gif\"><img data-recalc-dims=\"1\" loading=\"lazy\" decoding=\"async\" loading=\"lazy\" class=\"aligncenter size-full wp-image-9520\" title=\"prayer\" src=\"https:\/\/i0.wp.com\/fachodeluz.blog.br\/wp\/wp-content\/uploads\/2012\/02\/prayer.gif?resize=450%2C298\" alt=\"\" width=\"450\" height=\"298\" srcset=\"https:\/\/i0.wp.com\/www.fachodeluz.blog.br\/wp\/wp-content\/uploads\/2012\/02\/prayer.gif?w=450&amp;ssl=1 450w, https:\/\/i0.wp.com\/www.fachodeluz.blog.br\/wp\/wp-content\/uploads\/2012\/02\/prayer.gif?resize=300%2C198&amp;ssl=1 300w\" sizes=\"auto, (max-width: 450px) 100vw, 450px\" \/><\/a><\/h2>\n<h2 style=\"text-align: center;\"><span style=\"color: #1e0000;\">D\u00e1rcio<\/span><\/h2>\n<h2 style=\"text-align: center;\"><span style=\"color: #ffffff;\">.<\/span><span style=\"color: #1e0000;\">O Universo \u00e9 a Perfei\u00e7\u00e3o absoluta ou infinita j\u00e1 feita! Nada mais poder\u00e1 acontecer, e \u00e9 a\u00a0 frase que lemos em <em>O Apocalipse, 21:6:<\/em> &#8220;Tudo est\u00e1 feito!&#8221; Postei anteriormente um texto da Seicho-no-Ie, falando sobre analisarmos o que pedimos nas nossas ora\u00e7\u00f5es. Esta an\u00e1lise ser\u00e1 \u00fatil quando a pessoa est\u00e1 em d\u00favidas sobre o fato de &#8220;o universo j\u00e1 estar pronto&#8221;, por ainda acreditar em &#8220;mundo fenom\u00eanico&#8221; coexistindo com o Reino \u00fanico da Verdade.<\/span><\/h2>\n<h2 style=\"text-align: center;\"><span style=\"color: #1e0000;\">Ouvimos muitas frases absurdas, do tipo: <em>&#8220;Deus n\u00e3o me atende porque eu n\u00e3o devo merecer o que desejo&#8221;, ou &#8220;Deus n\u00e3o gosta de mim, pois atende os outros e a mim n\u00e3o atende!&#8221;<\/em>\u00a0 H\u00e1, inclusive,\u00a0 aqueles que at\u00e9 chegam a duvidar da exist\u00eancia de Deus. Tem pedidos absurdos, como, por exemplo, um pedir que seu time ganhe, mesmo sabendo que o torcedor do time advers\u00e1rio faz pedido igual e ao mesmo Deus! Por isso, \u00e9 realmente importante que cada um analise o que vem pedindo a Deus.<\/span><\/h2>\n<h2 style=\"text-align: center;\"><span style=\"color: #1e0000;\">Um outro aspecto importante \u00e9 conhecermos as influ\u00eancias mesm\u00e9ricas e como anul\u00e1-las, estudando artigos como<em> &#8220;O Cordeiro de Deus destr\u00f3i o magnetismo animal&#8221;<\/em>, publicado aqui recentemente. H\u00e1 autores absolutistas que sequer admitem tocarmos em assunto de &#8220;magnetismo animal&#8221;. A pr\u00f3pria Mary Baker Eddy, fundadora da <em>Ci\u00eancia Crist\u00e3,<\/em> pensava assim, at\u00e9 que p\u00f4de observar &#8220;algo estranho&#8221; atuando sorrateiramente e atrapalhando o desenvolvimento da <em>Ci\u00eancia Crist\u00e3.<\/em> Desse modo, incluiu o cap\u00edtulo <em>&#8220;Desmascarado o Magnetismo Animal&#8221;<\/em> em seu livro-texto <em>Ci\u00eancia e Sa\u00fade.<\/em> A premissa b\u00e1sica da <em>Ci\u00eancia Crist\u00e3<\/em> diz que &#8220;Deus \u00e9 Tudo-em-Tudo&#8221;. Lidamos com esta Verdade absoluta, mas tamb\u00e9m lidamos com o mundo que a suposta mente humana reconhece como existente. E, justamente por existir <em>unicamente Deus,<\/em> devemos saber como lidar com os &#8220;falsos poderes&#8221; aceitos pela cren\u00e7a coletiva. Os artigos que lidam com este tema s\u00e3o &#8220;armas da luz&#8221;, revelam princ\u00edpios que nos ajudam a permanecer na Verdade, sem nos deixarmos mover pelas inverdades sugeridas pela mente humana.<\/span><\/h2>\n<h2 style=\"text-align: center;\"><span style=\"color: #1e0000;\">O mais importante \u00e9 a convic\u00e7\u00e3o absoluta de que <em>Deus e Homem s\u00e3o UM!<\/em> Esta Unidade, assim reconhecida e contemplada na &#8220;Pr\u00e1tica do Sil\u00eancio&#8221;, \u00e9 a &#8220;ora\u00e7\u00e3o perfeita! E j\u00e1 est\u00e1\u00a0 atendida! Exatamente AGORA, Deus e VOC\u00ca s\u00e3o UM!<\/span><\/h2>\n<p style=\"text-align: center;\"><span style=\"color: #2a0e00;\">*<\/span><\/p>\n","protected":false},"excerpt":{"rendered":"<p>D\u00e1rcio .O Universo \u00e9 a Perfei\u00e7\u00e3o absoluta ou infinita j\u00e1 feita! Nada mais poder\u00e1 acontecer, e \u00e9 a\u00a0 frase que lemos em O Apocalipse, 21:6: &#8220;Tudo est\u00e1 feito!&#8221; Postei anteriormente um texto da Seicho-no-Ie, falando sobre analisarmos o que pedimos nas nossas ora\u00e7\u00f5es. Esta an\u00e1lise ser\u00e1 \u00fatil quando a pessoa est\u00e1 em d\u00favidas sobre o &hellip; <\/p>\n<p class=\"link-more\"><a href=\"https:\/\/www.fachodeluz.blog.br\/wp\/2012\/02\/11\/toda-oracao-correta-esta-atendida\/\" class=\"more-link\">Leia mais<span class=\"screen-reader-text\"> &#8220;Toda Ora\u00e7\u00e3o Correta Est\u00e1  Atendida&#8221;<\/span><\/a><\/p>\n","protected":false},"author":2,"featured_media":0,"comment_status":"open","ping_status":"open","sticky":false,"template":"","format":"standard","meta":{"nf_dc_page":"","_crdt_document":"","footnotes":""},"categories":[10],"tags":[],"class_list":["post-9519","post","type-post","status-publish","format-standard","hentry","category-darcio-dezolt"],"featured_media_urls":[],"_links":{"self":[{"href":"https:\/\/www.fachodeluz.blog.br\/wp\/wp-json\/wp\/v2\/posts\/9519","targetHints":{"allow":["GET"]}}],"collection":[{"href":"https:\/\/www.fachodeluz.blog.br\/wp\/wp-json\/wp\/v2\/posts"}],"about":[{"href":"https:\/\/www.fachodeluz.blog.br\/wp\/wp-json\/wp\/v2\/types\/post"}],"author":[{"embeddable":true,"href":"https:\/\/www.fachodeluz.blog.br\/wp\/wp-json\/wp\/v2\/users\/2"}],"replies":[{"embeddable":true,"href":"https:\/\/www.fachodeluz.blog.br\/wp\/wp-json\/wp\/v2\/comments?post=9519"}],"version-history":[{"count":0,"href":"https:\/\/www.fachodeluz.blog.br\/wp\/wp-json\/wp\/v2\/posts\/9519\/revisions"}],"wp:attachment":[{"href":"https:\/\/www.fachodeluz.blog.br\/wp\/wp-json\/wp\/v2\/media?parent=9519"}],"wp:term":[{"taxonomy":"category","embeddable":true,"href":"https:\/\/www.fachodeluz.blog.br\/wp\/wp-json\/wp\/v2\/categories?post=9519"},{"taxonomy":"post_tag","embeddable":true,"href":"https:\/\/www.fachodeluz.blog.br\/wp\/wp-json\/wp\/v2\/tags?post=9519"}],"curies":[{"name":"wp","href":"https:\/\/api.w.org\/{rel}","templated":true}]}}