{"id":9714,"date":"2012-03-10T10:11:59","date_gmt":"2012-03-10T13:11:59","guid":{"rendered":"http:\/\/fachodeluz.blog.br\/wp\/?p=9714"},"modified":"2012-03-10T14:50:14","modified_gmt":"2012-03-10T17:50:14","slug":"eu-versus-ego-2","status":"publish","type":"post","link":"https:\/\/www.fachodeluz.blog.br\/wp\/2012\/03\/10\/eu-versus-ego-2\/","title":{"rendered":"&#8220;Eu versus Ego&#8221;"},"content":{"rendered":"<p style=\"text-align: center;\"><a href=\"https:\/\/i0.wp.com\/fachodeluz.blog.br\/wp\/wp-content\/uploads\/2012\/03\/w2rA.gif\"><img data-recalc-dims=\"1\" loading=\"lazy\" decoding=\"async\" loading=\"lazy\" class=\"aligncenter size-full wp-image-9715\" title=\"w2rA\" src=\"https:\/\/i0.wp.com\/fachodeluz.blog.br\/wp\/wp-content\/uploads\/2012\/03\/w2rA.gif?resize=450%2C240\" alt=\"\" width=\"450\" height=\"240\" srcset=\"https:\/\/i0.wp.com\/www.fachodeluz.blog.br\/wp\/wp-content\/uploads\/2012\/03\/w2rA.gif?w=450&amp;ssl=1 450w, https:\/\/i0.wp.com\/www.fachodeluz.blog.br\/wp\/wp-content\/uploads\/2012\/03\/w2rA.gif?resize=300%2C160&amp;ssl=1 300w\" sizes=\"auto, (max-width: 450px) 100vw, 450px\" \/><\/a><\/p>\n<h2 align=\"center\"><span style=\"color: #414161;\">H\u00e1 quem tenha dito que o \u201cEu\u201d \u00e9 o maior amigo do homem, e que o \u201cego\u201d \u00e9 o maior inimigo. Esta coloca\u00e7\u00e3o filos\u00f3fica dualista desaparece, quando estudamos a Verdade a partir da totalidade e unicidade de Deus. SOMENTE EXISTE DEUS! Em vista disso, unicamente Deus est\u00e1 Se expressando como o Ser que todos somos, e esta vis\u00e3o correta da Exist\u00eancia, al\u00e9m de excluir a dualidade, exclui tamb\u00e9m a possibilidade de haver \u201cconflito entre mentes\u201d.<\/span><\/h2>\n<h2 align=\"center\"><span style=\"color: #414161;\">Quando meditamos, esta Verdade eterna deve ser aceita, reconhecida e contemplada at\u00e9 que nos vejamos imersos na totalidade da Luz divina em que nos inclu\u00edmos. Por\u00e9m, n\u00e3o ficaremos o tempo todo na \u201cPr\u00e1tica do Sil\u00eancio\u201d, envolvidos unicamente com a Verdade absoluta! E \u00e9 em vista disso que devemos \u201cvigiar\u201d para, ap\u00f3s meditarmos,<strong> <em>n\u00e3o puxarmos de volta os pensamentos que julgam pessoas e condi\u00e7\u00f5es pelas apar\u00eancias e pela \u201cjusti\u00e7a do mundo\u201d,<\/em><\/strong> o que apenas nos faria aceitar novamente a ILUS\u00c3O de \u201cv\u00e1rias mentes\u201d. Seja qual for a situa\u00e7\u00e3o que hoje possa lhe estar requerendo aten\u00e7\u00e3o ou solu\u00e7\u00e3o, em algum segmento da suposta \u201cvida humana\u201d, aja sempre inspirado pela \u201cmelhor ideia\u201d que puder intuir, e que possa se mostrar como \u201cexpediente de solu\u00e7\u00e3o\u201d para a quest\u00e3o, sem se deixar enredar pela \u201cl\u00f3gica do mundo\u201d, que fica avaliando humanamente o que \u00e9 justo ou injusto, quem \u00e9 culpado ou deixa de ser, quem errou ou acertou, etc.. Permane\u00e7a em \u201cMim\u201d, ou seja, mantenha-se firme no pensamento verdadeiro e \u00fanico: <em>DEUS \u00c9 A MENTE \u00daNICA EM ATIVIDADE!<\/em><\/span><\/h2>\n<h2 align=\"center\"><span style=\"color: #414161;\">Quem se deixar levar pelas divaga\u00e7\u00f5es incessantes da suposta \u201cmente humana\u201d, somente estar\u00e1 atrapalhando a livre manifesta\u00e7\u00e3o da \u201charmonia divina\u201d na tela \u201cdeste mundo\u201d. Portanto, ap\u00f3s meditar e reconhecer a Presen\u00e7a \u00fanica da Mente divina, sendo a \u201csua\u201d e tamb\u00e9m a de \u201ctodos\u201d, aja naturalmente sem perder de vista esta unicidade, e ser\u00e1 feita a Vontade do Pai \u201caqui na terra\u201d como \u00e9 \u201cno c\u00e9u\u201d. N\u00e3o h\u00e1 dois mundos! H\u00e1 unicamente a Realidade espiritual, harmoniosa e perfeita sempre; e quando assim o reconhecermos, esta Verdade \u201caparecer\u00e1\u201d tamb\u00e9m aos olhos da \u201ccren\u00e7a coletiva\u201d, na forma de \u201cimagens harm\u00f4nicas\u201d.<\/span><\/h2>\n<p style=\"text-align: center;\"><span style=\"color: #414161;\">*<\/span><\/p>\n","protected":false},"excerpt":{"rendered":"<p>H\u00e1 quem tenha dito que o \u201cEu\u201d \u00e9 o maior amigo do homem, e que o \u201cego\u201d \u00e9 o maior inimigo. Esta coloca\u00e7\u00e3o filos\u00f3fica dualista desaparece, quando estudamos a Verdade a partir da totalidade e unicidade de Deus. SOMENTE EXISTE DEUS! Em vista disso, unicamente Deus est\u00e1 Se expressando como o Ser que todos somos, &hellip; <\/p>\n<p class=\"link-more\"><a href=\"https:\/\/www.fachodeluz.blog.br\/wp\/2012\/03\/10\/eu-versus-ego-2\/\" class=\"more-link\">Leia mais<span class=\"screen-reader-text\"> &#8220;&#8220;Eu versus Ego&#8221;&#8221;<\/span><\/a><\/p>\n","protected":false},"author":2,"featured_media":0,"comment_status":"open","ping_status":"closed","sticky":false,"template":"","format":"standard","meta":{"nf_dc_page":"","_crdt_document":"","footnotes":""},"categories":[10],"tags":[],"class_list":["post-9714","post","type-post","status-publish","format-standard","hentry","category-darcio-dezolt"],"featured_media_urls":[],"_links":{"self":[{"href":"https:\/\/www.fachodeluz.blog.br\/wp\/wp-json\/wp\/v2\/posts\/9714","targetHints":{"allow":["GET"]}}],"collection":[{"href":"https:\/\/www.fachodeluz.blog.br\/wp\/wp-json\/wp\/v2\/posts"}],"about":[{"href":"https:\/\/www.fachodeluz.blog.br\/wp\/wp-json\/wp\/v2\/types\/post"}],"author":[{"embeddable":true,"href":"https:\/\/www.fachodeluz.blog.br\/wp\/wp-json\/wp\/v2\/users\/2"}],"replies":[{"embeddable":true,"href":"https:\/\/www.fachodeluz.blog.br\/wp\/wp-json\/wp\/v2\/comments?post=9714"}],"version-history":[{"count":0,"href":"https:\/\/www.fachodeluz.blog.br\/wp\/wp-json\/wp\/v2\/posts\/9714\/revisions"}],"wp:attachment":[{"href":"https:\/\/www.fachodeluz.blog.br\/wp\/wp-json\/wp\/v2\/media?parent=9714"}],"wp:term":[{"taxonomy":"category","embeddable":true,"href":"https:\/\/www.fachodeluz.blog.br\/wp\/wp-json\/wp\/v2\/categories?post=9714"},{"taxonomy":"post_tag","embeddable":true,"href":"https:\/\/www.fachodeluz.blog.br\/wp\/wp-json\/wp\/v2\/tags?post=9714"}],"curies":[{"name":"wp","href":"https:\/\/api.w.org\/{rel}","templated":true}]}}