{"id":9739,"date":"2012-03-13T11:47:19","date_gmt":"2012-03-13T14:47:19","guid":{"rendered":"http:\/\/fachodeluz.blog.br\/wp\/?p=9739"},"modified":"2012-03-13T23:53:27","modified_gmt":"2012-03-14T02:53:27","slug":"acao-permanente-e-acoes-continuas-das-aparencias","status":"publish","type":"post","link":"https:\/\/www.fachodeluz.blog.br\/wp\/2012\/03\/13\/acao-permanente-e-acoes-continuas-das-aparencias\/","title":{"rendered":"A\u00e7\u00e3o Permanente e A\u00e7\u00f5es Cont\u00ednuas das Apar\u00eancias"},"content":{"rendered":"<p style=\"text-align: center;\"><a href=\"https:\/\/i0.wp.com\/fachodeluz.blog.br\/wp\/wp-content\/uploads\/2012\/03\/AC.gif\"><img data-recalc-dims=\"1\" loading=\"lazy\" decoding=\"async\" loading=\"lazy\" class=\"aligncenter size-full wp-image-9740\" title=\"AC\" src=\"https:\/\/i0.wp.com\/fachodeluz.blog.br\/wp\/wp-content\/uploads\/2012\/03\/AC.gif?resize=460%2C328\" alt=\"\" width=\"460\" height=\"328\" srcset=\"https:\/\/i0.wp.com\/www.fachodeluz.blog.br\/wp\/wp-content\/uploads\/2012\/03\/AC.gif?w=460&amp;ssl=1 460w, https:\/\/i0.wp.com\/www.fachodeluz.blog.br\/wp\/wp-content\/uploads\/2012\/03\/AC.gif?resize=300%2C213&amp;ssl=1 300w\" sizes=\"auto, (max-width: 460px) 100vw, 460px\" \/><\/a><\/p>\n<h2 align=\"center\"><strong><span style=\"color: #707000;\">\u00a0Se uma \u00e1rvore existe como a\u00e7\u00e3o permanente de Deus, ou como Ideia espiritual, caso ela surja como \u201catividade\u201d aos olhos do mundo, como apar\u00eancias mut\u00e1veis, desde a semente at\u00e9 ser notada como \u201c\u00e1rvore completa\u201d, tal atividade \u00e9 ILUS\u00d3RIA. \u00c9 real unicamente sua Ideia ativa, que faz parte da Onia\u00e7\u00e3o. N\u00e3o existem duas atividades: a essencial divina, que faz a \u00e1rvore existir ou \u201cser\u201d, e, ao lado, \u201coutra atividade\u201d, <em>aparentemente<\/em> se mostrando como \u201c\u00e1rvore vis\u00edvel em forma\u00e7\u00e3o\u201d. <em>O UNIVERSO EST\u00c1 PRONTO! A ONIA\u00c7\u00c3O \u00c9 PERFEI\u00c7\u00c3O PERMANENTE.<\/em><\/span><\/strong><\/h2>\n<h2 align=\"center\"><strong><span style=\"color: #707000;\">Marie S. Watts conta que, certa vez, ao se mudar de casa, encontrou em seu quintal uma \u00e1rvore toda estragada, pois seu\u00a0 antigo morador a usava para treinar tiro ao alvo. Ela passou a contemplar a \u201c\u00e1rvore espiritual\u201d, presente eternamente <em>em sua pr\u00f3pria Consci\u00eancia iluminada,<\/em> e a \u201capar\u00eancia\u201d ressurgiu como \u201c\u00e1rvore curada\u201d. N\u00e3o existe \u201ca\u00e7\u00e3o real\u201d nas apar\u00eancias! Por isso, o ensinamento absoluto nos conduz a \u201cMim\u201d, \u00e0 Consci\u00eancia iluminada que somos, para simplesmente contemplarmos, nesta Consci\u00eancia, os fatos e atividades da Ess\u00eancia, permanentes e perfeitos, que s\u00e3o as realidades, sem nos dividirmos com supostas \u201ca\u00e7\u00f5es cont\u00ednuas das apar\u00eancias\u201d, que s\u00e3o integralmente irrealidades, puras ilus\u00f5es insubstanciais, semelhantes a <em>miragens.<\/em><\/span><\/strong><\/h2>\n<p>&nbsp;<\/p>\n<p style=\"text-align: center;\">*<\/p>\n","protected":false},"excerpt":{"rendered":"<p>\u00a0Se uma \u00e1rvore existe como a\u00e7\u00e3o permanente de Deus, ou como Ideia espiritual, caso ela surja como \u201catividade\u201d aos olhos do mundo, como apar\u00eancias mut\u00e1veis, desde a semente at\u00e9 ser notada como \u201c\u00e1rvore completa\u201d, tal atividade \u00e9 ILUS\u00d3RIA. \u00c9 real unicamente sua Ideia ativa, que faz parte da Onia\u00e7\u00e3o. N\u00e3o existem duas atividades: a essencial &hellip; <\/p>\n<p class=\"link-more\"><a href=\"https:\/\/www.fachodeluz.blog.br\/wp\/2012\/03\/13\/acao-permanente-e-acoes-continuas-das-aparencias\/\" class=\"more-link\">Leia mais<span class=\"screen-reader-text\"> &#8220;A\u00e7\u00e3o Permanente e A\u00e7\u00f5es Cont\u00ednuas das Apar\u00eancias&#8221;<\/span><\/a><\/p>\n","protected":false},"author":2,"featured_media":0,"comment_status":"open","ping_status":"closed","sticky":false,"template":"","format":"standard","meta":{"nf_dc_page":"","_crdt_document":"","footnotes":""},"categories":[10],"tags":[],"class_list":["post-9739","post","type-post","status-publish","format-standard","hentry","category-darcio-dezolt"],"featured_media_urls":[],"_links":{"self":[{"href":"https:\/\/www.fachodeluz.blog.br\/wp\/wp-json\/wp\/v2\/posts\/9739","targetHints":{"allow":["GET"]}}],"collection":[{"href":"https:\/\/www.fachodeluz.blog.br\/wp\/wp-json\/wp\/v2\/posts"}],"about":[{"href":"https:\/\/www.fachodeluz.blog.br\/wp\/wp-json\/wp\/v2\/types\/post"}],"author":[{"embeddable":true,"href":"https:\/\/www.fachodeluz.blog.br\/wp\/wp-json\/wp\/v2\/users\/2"}],"replies":[{"embeddable":true,"href":"https:\/\/www.fachodeluz.blog.br\/wp\/wp-json\/wp\/v2\/comments?post=9739"}],"version-history":[{"count":0,"href":"https:\/\/www.fachodeluz.blog.br\/wp\/wp-json\/wp\/v2\/posts\/9739\/revisions"}],"wp:attachment":[{"href":"https:\/\/www.fachodeluz.blog.br\/wp\/wp-json\/wp\/v2\/media?parent=9739"}],"wp:term":[{"taxonomy":"category","embeddable":true,"href":"https:\/\/www.fachodeluz.blog.br\/wp\/wp-json\/wp\/v2\/categories?post=9739"},{"taxonomy":"post_tag","embeddable":true,"href":"https:\/\/www.fachodeluz.blog.br\/wp\/wp-json\/wp\/v2\/tags?post=9739"}],"curies":[{"name":"wp","href":"https:\/\/api.w.org\/{rel}","templated":true}]}}