{"id":9782,"date":"2012-03-20T09:57:04","date_gmt":"2012-03-20T12:57:04","guid":{"rendered":"http:\/\/fachodeluz.blog.br\/wp\/?p=9782"},"modified":"2012-03-20T10:42:23","modified_gmt":"2012-03-20T13:42:23","slug":"a-desintegracao-da-ilusao-e-voce","status":"publish","type":"post","link":"https:\/\/www.fachodeluz.blog.br\/wp\/2012\/03\/20\/a-desintegracao-da-ilusao-e-voce\/","title":{"rendered":"A Desintegra\u00e7\u00e3o da Ilus\u00e3o e Voc\u00ea"},"content":{"rendered":"<p style=\"text-align: center;\"><a href=\"https:\/\/i0.wp.com\/fachodeluz.blog.br\/wp\/wp-content\/uploads\/2012\/03\/div.gif\"><img data-recalc-dims=\"1\" loading=\"lazy\" decoding=\"async\" loading=\"lazy\" class=\"aligncenter size-full wp-image-9783\" title=\"div\" src=\"https:\/\/i0.wp.com\/fachodeluz.blog.br\/wp\/wp-content\/uploads\/2012\/03\/div.gif?resize=450%2C452\" alt=\"\" width=\"450\" height=\"452\" srcset=\"https:\/\/i0.wp.com\/www.fachodeluz.blog.br\/wp\/wp-content\/uploads\/2012\/03\/div.gif?w=450&amp;ssl=1 450w, https:\/\/i0.wp.com\/www.fachodeluz.blog.br\/wp\/wp-content\/uploads\/2012\/03\/div.gif?resize=150%2C150&amp;ssl=1 150w, https:\/\/i0.wp.com\/www.fachodeluz.blog.br\/wp\/wp-content\/uploads\/2012\/03\/div.gif?resize=298%2C300&amp;ssl=1 298w\" sizes=\"auto, (max-width: 450px) 100vw, 450px\" \/><\/a><\/p>\n<h2 align=\"center\"><span style=\"color: #000080;\"><strong>O reconhecimento da Verdade, que, resumindo, \u00e9 a aceita\u00e7\u00e3o radical da Presen\u00e7a de Deus como TUDO, provoca a demoli\u00e7\u00e3o aparente das falsidades aceitas coletivamente, chamadas de ILUS\u00c3O. N\u00e3o existe ILUS\u00c3O em Deus e n\u00e3o existe Deus em ILUS\u00c3O. Desse modo, esta percep\u00e7\u00e3o cont\u00ednua a que o estudo da Verdade nos conduz, vai retirando o endosso cego que d\u00e1vamos a tais \u201ccren\u00e7as falsas\u201d, e, em vista disso, seus quadros aparentemente come\u00e7am a se movimentar e ruir, processo chamado de \u201cdesintegra\u00e7\u00e3o da ilus\u00e3o\u201d.<\/strong><\/span><\/h2>\n<h2 align=\"center\"><span style=\"color: #000080;\"><strong>A \u201cilus\u00e3o\u201d \u00e9 um quadro falso retido tamb\u00e9m na falsidade chamada \u201cmente humana\u201d. Quando recebemos a revela\u00e7\u00e3o de que \u201cDeus \u00e9 a Mente \u00fanica\u201d, que \u201ctemos a Mente de Cristo\u201d, que &#8220;a Consci\u00eancia iluminada \u00e9 nossa \u00fanica Consci\u00eancia&#8221;, a Verdade \u00e9 reconhecida pela nossa ades\u00e3o plena a seus princ\u00edpios, e a chamada \u201cmente humana\u201d , aos olhos do mundo, passa a ser meramente um \u201cespelho\u201d de reflex\u00e3o temporal e finita da Realidade espiritual. O chamado \u201cmundo material\u201d n\u00e3o existe! N\u00e3o passa de ILUS\u00c3O! E \u00e9 este conhecimento que o impedir\u00e1 de se identificar com o \u201cser humano\u201d apresentado no \u201ccen\u00e1rio material\u201d como sendo voc\u00ea.\u00a0 Jamais voc\u00ea esteve sendo aquela \u201capar\u00eancia\u201d refletida no \u201cespelho\u201d da mente ilus\u00f3ria! <em>Sempre Deus esteve sendo TUDO, e sendo VOC\u00ca!<\/em> Acreditar que as mudan\u00e7as vistas na \u201cdesintegra\u00e7\u00e3o da ilus\u00e3o\u201d sejam algo relacionado com o Ser que VOC\u00ca \u00c9, se compararia a algu\u00e9m que estivesse se mirando num espelho, nele fosse jogada uma pedra que o quebrasse, e a pessoa achasse que tamb\u00e9m ela teria participado daquela ruptura! Mas a verdade \u00e9 outra: jamais ela esteve na \u201cimagem refletida\u201d, e, unicamente uma \u201capar\u00eancia\u201d ali se mostrava, e que era uma imagem sem subst\u00e2ncia e sem presen\u00e7a real.<\/strong><\/span><\/h2>\n<h2 align=\"center\"><span style=\"color: #000080;\"><strong>Ilus\u00e3o \u00e9 <em>irrealidade;<\/em> nunca foi \u201cmundo verdadeiro\u201d, raz\u00e3o pela qual Jesus afirmou que \u201ceste mundo \u00e9 do pai da mentira\u201d. Desvincule-se da mentira e viva a Verdade!<em> A Verdade \u00e9 Deus sendo VOC\u00ca!<\/em> Convicto desta sua condi\u00e7\u00e3o permanente, aconte\u00e7a o que acontecer no suposto \u201cmundo material\u201d, sua aten\u00e7\u00e3o ficar\u00e1 em VOC\u00ca MESMO, em sua <em>Consci\u00eancia iluminada,<\/em> sem se deixar arrastar pelas imagens que v\u00eam e v\u00e3o no \u201cespelho da ilus\u00e3o\u201d. Algo bem semelhante \u00e0quela pessoa, frente ao espelho, vendo sua imagem ser despeda\u00e7ada pela pedra nele atirada, mas se conservando totalmente convicta do fato real: <em>\u201cnada aconteceu comigo!\u201d<\/em> Ilus\u00e3o \u00e9 ilus\u00e3o! Jamais VOC\u00ca participa de \u201cilus\u00e3o\u201d ou de \u201cdesintegra\u00e7\u00e3o de ilus\u00e3o\u201d. DEUS \u00c9<em> TUDO!<\/em> ILUS\u00c3O \u00c9 <em>NADA!<\/em><\/strong><\/span><\/h2>\n<p>&nbsp;<\/p>\n<h2 align=\"center\"><span style=\"color: #000080;\"><strong>*<\/strong><\/span><\/h2>\n","protected":false},"excerpt":{"rendered":"<p>O reconhecimento da Verdade, que, resumindo, \u00e9 a aceita\u00e7\u00e3o radical da Presen\u00e7a de Deus como TUDO, provoca a demoli\u00e7\u00e3o aparente das falsidades aceitas coletivamente, chamadas de ILUS\u00c3O. N\u00e3o existe ILUS\u00c3O em Deus e n\u00e3o existe Deus em ILUS\u00c3O. Desse modo, esta percep\u00e7\u00e3o cont\u00ednua a que o estudo da Verdade nos conduz, vai retirando o endosso &hellip; <\/p>\n<p class=\"link-more\"><a href=\"https:\/\/www.fachodeluz.blog.br\/wp\/2012\/03\/20\/a-desintegracao-da-ilusao-e-voce\/\" class=\"more-link\">Leia mais<span class=\"screen-reader-text\"> &#8220;A Desintegra\u00e7\u00e3o da Ilus\u00e3o e Voc\u00ea&#8221;<\/span><\/a><\/p>\n","protected":false},"author":2,"featured_media":0,"comment_status":"open","ping_status":"closed","sticky":false,"template":"","format":"standard","meta":{"nf_dc_page":"","_crdt_document":"","footnotes":""},"categories":[10],"tags":[],"class_list":["post-9782","post","type-post","status-publish","format-standard","hentry","category-darcio-dezolt"],"featured_media_urls":[],"_links":{"self":[{"href":"https:\/\/www.fachodeluz.blog.br\/wp\/wp-json\/wp\/v2\/posts\/9782","targetHints":{"allow":["GET"]}}],"collection":[{"href":"https:\/\/www.fachodeluz.blog.br\/wp\/wp-json\/wp\/v2\/posts"}],"about":[{"href":"https:\/\/www.fachodeluz.blog.br\/wp\/wp-json\/wp\/v2\/types\/post"}],"author":[{"embeddable":true,"href":"https:\/\/www.fachodeluz.blog.br\/wp\/wp-json\/wp\/v2\/users\/2"}],"replies":[{"embeddable":true,"href":"https:\/\/www.fachodeluz.blog.br\/wp\/wp-json\/wp\/v2\/comments?post=9782"}],"version-history":[{"count":0,"href":"https:\/\/www.fachodeluz.blog.br\/wp\/wp-json\/wp\/v2\/posts\/9782\/revisions"}],"wp:attachment":[{"href":"https:\/\/www.fachodeluz.blog.br\/wp\/wp-json\/wp\/v2\/media?parent=9782"}],"wp:term":[{"taxonomy":"category","embeddable":true,"href":"https:\/\/www.fachodeluz.blog.br\/wp\/wp-json\/wp\/v2\/categories?post=9782"},{"taxonomy":"post_tag","embeddable":true,"href":"https:\/\/www.fachodeluz.blog.br\/wp\/wp-json\/wp\/v2\/tags?post=9782"}],"curies":[{"name":"wp","href":"https:\/\/api.w.org\/{rel}","templated":true}]}}