{"id":9800,"date":"2012-03-22T20:02:11","date_gmt":"2012-03-22T23:02:11","guid":{"rendered":"http:\/\/fachodeluz.blog.br\/wp\/?p=9800"},"modified":"2012-03-22T22:01:19","modified_gmt":"2012-03-23T01:01:19","slug":"o-que-e-nada-nao-perdura","status":"publish","type":"post","link":"https:\/\/www.fachodeluz.blog.br\/wp\/2012\/03\/22\/o-que-e-nada-nao-perdura\/","title":{"rendered":"O Que \u00e9 Nada N\u00e3o Perdura"},"content":{"rendered":"<p style=\"text-align: center;\"><a href=\"https:\/\/i0.wp.com\/fachodeluz.blog.br\/wp\/wp-content\/uploads\/2012\/03\/OQ4.gif\"><img data-recalc-dims=\"1\" loading=\"lazy\" decoding=\"async\" loading=\"lazy\" class=\"aligncenter size-full wp-image-9802\" title=\"OQ4\" src=\"https:\/\/i0.wp.com\/fachodeluz.blog.br\/wp\/wp-content\/uploads\/2012\/03\/OQ4.gif?resize=460%2C370\" alt=\"\" width=\"460\" height=\"370\" srcset=\"https:\/\/i0.wp.com\/www.fachodeluz.blog.br\/wp\/wp-content\/uploads\/2012\/03\/OQ4.gif?w=460&amp;ssl=1 460w, https:\/\/i0.wp.com\/www.fachodeluz.blog.br\/wp\/wp-content\/uploads\/2012\/03\/OQ4.gif?resize=300%2C241&amp;ssl=1 300w\" sizes=\"auto, (max-width: 460px) 100vw, 460px\" \/><\/a><\/p>\n<h2 align=\"center\">\u00a0<strong><span style=\"color: #474747;\">A ilus\u00e3o, mesmo aparentando existir, n\u00e3o existe! Sendo assim, n\u00e3o pode perdurar! A perman\u00eancia das obras de Deus \u00e9 a garantia de que toda ilus\u00e3o, que parece perdurar, \u00e9 NADA!<\/span><\/strong><\/h2>\n<h2 align=\"center\"><strong><span style=\"color: #474747;\">Estudar a Verdade \u00e9 saber\u00a0 lidar com a Realidade e com a ilus\u00e3o, ou seja, n\u00e3o confundir a mentira com o que \u00e9 verdadeiro. O Sol aparenta nascer no horizonte a cada manh\u00e3; por\u00e9m, esta vis\u00e3o do fato \u00e9 ilus\u00f3ria! O fato \u00e9 que a Terra \u00e9 que gira ao redor do Sol. Dizer que \u201ca ilus\u00e3o perdura\u201d \u00e9 desconhecer o fato real. Teria sentido algu\u00e9m esperar que o Sol deixasse de nascer no horizonte? Jamais este fato ocorreu ou ocorre! Acreditar nele \u00e9 ilus\u00e3o! E dizer que \u201cela perdura\u201d, \u00e9 dizer que uma ocorr\u00eancia que \u00e9 \u201cnada\u201d persiste em permanecer! \u00c9 comum algu\u00e9m afirmar: <em>\u201cEu medito sempre, emprego os princ\u00edpios corretamente, MAS A ILUS\u00c3O PERDURA!\u201d<\/em> Seria realmente poss\u00edvel ocorrer algo assim?<\/span><\/strong><\/h2>\n<h2 align=\"center\"><strong><span style=\"color: #474747;\">A ilus\u00e3o se desfaz \u201cdentro de voc\u00ea\u201d, isto \u00e9, no instante em que voc\u00ea, tendo o conhecimento da Verdade, tira a aten\u00e7\u00e3o total da ocorr\u00eancia inexistente, \u2013 o Sol nascendo no horizonte &#8211; para serenamente \u201ccontemplar\u201d o fato real \u2013 a Terra girando em torno do Sol.<\/span><\/strong><\/h2>\n<h2 align=\"center\"><strong><span style=\"color: #474747;\">Quando o ensinamento absoluto diz que devemos \u201cdescartar a ilus\u00e3o\u201d e nos volvermos \u00e0 TOTALIDADE DE DEUS, o sentido \u00e9 exatamente este: deixarmos de dar cr\u00e9dito a \u201cacontecimentos falsos\u201d para honrarmos a Deus, reconhecendo Sua Presen\u00e7a como <em>Onia\u00e7\u00e3o onipresente,<\/em> ou FATO VERDADEIRO, sem nos prendermos a mais nada! N\u00e3o h\u00e1 mais nada ao lado de Deus!<\/span><\/strong><\/h2>\n<h2 align=\"center\"><strong><span style=\"color: #474747;\">*<\/span><\/strong><\/h2>\n","protected":false},"excerpt":{"rendered":"<p>\u00a0A ilus\u00e3o, mesmo aparentando existir, n\u00e3o existe! Sendo assim, n\u00e3o pode perdurar! A perman\u00eancia das obras de Deus \u00e9 a garantia de que toda ilus\u00e3o, que parece perdurar, \u00e9 NADA! Estudar a Verdade \u00e9 saber\u00a0 lidar com a Realidade e com a ilus\u00e3o, ou seja, n\u00e3o confundir a mentira com o que \u00e9 verdadeiro. O &hellip; <\/p>\n<p class=\"link-more\"><a href=\"https:\/\/www.fachodeluz.blog.br\/wp\/2012\/03\/22\/o-que-e-nada-nao-perdura\/\" class=\"more-link\">Leia mais<span class=\"screen-reader-text\"> &#8220;O Que \u00e9 Nada N\u00e3o Perdura&#8221;<\/span><\/a><\/p>\n","protected":false},"author":2,"featured_media":0,"comment_status":"open","ping_status":"closed","sticky":false,"template":"","format":"standard","meta":{"nf_dc_page":"","_crdt_document":"","footnotes":""},"categories":[10],"tags":[],"class_list":["post-9800","post","type-post","status-publish","format-standard","hentry","category-darcio-dezolt"],"featured_media_urls":[],"_links":{"self":[{"href":"https:\/\/www.fachodeluz.blog.br\/wp\/wp-json\/wp\/v2\/posts\/9800","targetHints":{"allow":["GET"]}}],"collection":[{"href":"https:\/\/www.fachodeluz.blog.br\/wp\/wp-json\/wp\/v2\/posts"}],"about":[{"href":"https:\/\/www.fachodeluz.blog.br\/wp\/wp-json\/wp\/v2\/types\/post"}],"author":[{"embeddable":true,"href":"https:\/\/www.fachodeluz.blog.br\/wp\/wp-json\/wp\/v2\/users\/2"}],"replies":[{"embeddable":true,"href":"https:\/\/www.fachodeluz.blog.br\/wp\/wp-json\/wp\/v2\/comments?post=9800"}],"version-history":[{"count":0,"href":"https:\/\/www.fachodeluz.blog.br\/wp\/wp-json\/wp\/v2\/posts\/9800\/revisions"}],"wp:attachment":[{"href":"https:\/\/www.fachodeluz.blog.br\/wp\/wp-json\/wp\/v2\/media?parent=9800"}],"wp:term":[{"taxonomy":"category","embeddable":true,"href":"https:\/\/www.fachodeluz.blog.br\/wp\/wp-json\/wp\/v2\/categories?post=9800"},{"taxonomy":"post_tag","embeddable":true,"href":"https:\/\/www.fachodeluz.blog.br\/wp\/wp-json\/wp\/v2\/tags?post=9800"}],"curies":[{"name":"wp","href":"https:\/\/api.w.org\/{rel}","templated":true}]}}