{"id":9890,"date":"2012-04-06T10:13:22","date_gmt":"2012-04-06T13:13:22","guid":{"rendered":"http:\/\/fachodeluz.blog.br\/wp\/?p=9890"},"modified":"2012-04-06T12:11:02","modified_gmt":"2012-04-06T15:11:02","slug":"o-ponto-de-partida-nas-contemplacoes","status":"publish","type":"post","link":"https:\/\/www.fachodeluz.blog.br\/wp\/2012\/04\/06\/o-ponto-de-partida-nas-contemplacoes\/","title":{"rendered":"O Ponto de Partida Nas Contempla\u00e7\u00f5es"},"content":{"rendered":"<p style=\"text-align: center;\"><a href=\"https:\/\/i0.wp.com\/fachodeluz.blog.br\/wp\/wp-content\/uploads\/2012\/04\/f31A.gif\"><img data-recalc-dims=\"1\" loading=\"lazy\" decoding=\"async\" loading=\"lazy\" class=\"aligncenter size-full wp-image-9891\" title=\"f31A\" src=\"https:\/\/i0.wp.com\/fachodeluz.blog.br\/wp\/wp-content\/uploads\/2012\/04\/f31A.gif?resize=460%2C345\" alt=\"\" width=\"460\" height=\"345\" srcset=\"https:\/\/i0.wp.com\/www.fachodeluz.blog.br\/wp\/wp-content\/uploads\/2012\/04\/f31A.gif?w=460&amp;ssl=1 460w, https:\/\/i0.wp.com\/www.fachodeluz.blog.br\/wp\/wp-content\/uploads\/2012\/04\/f31A.gif?resize=300%2C225&amp;ssl=1 300w\" sizes=\"auto, (max-width: 460px) 100vw, 460px\" \/><\/a><\/p>\n<h2 align=\"center\"><strong><span style=\"color: #990000;\">A Verdade eterna \u00e9 sem come\u00e7o e sem fim; assim, toda vez que nos dispusermos a <em>contempl\u00e1-la,<\/em> estaremos fazendo-o a partir de sua perman\u00eancia, isto \u00e9, do fato perene de que <em>a Verdade \u00c9!<\/em><\/span><\/strong><\/h2>\n<h2 align=\"center\"><strong><span style=\"color: #990000;\">Quando partimos do Fato de que <em>a Verdade \u00c9,<\/em> n\u00e3o teremos algo al\u00e9m de Deus para considerar, uma vez que esta Verdade \u00e9 DEUS SENDO TUDO! E esta totalidade de Deus inclui, naturalmente, o \u201cEu\u201d que somos, o que levou Jo\u00e3o a escrever: <em>\u201cAmados: agora somos filhos de Deus\u201d<\/em> (I Jo\u00e3o 3: 2). Se esta Verdade \u00e9 vista ou n\u00e3o visivelmente, pouco importa! As \u201capar\u00eancias\u201d s\u00e3o imagens fugazes, sem subst\u00e2ncia ou realidade, e jamais servem como par\u00e2metro de avalia\u00e7\u00e3o da <em>Verdade que \u00c9,<\/em>\u00a0 que est\u00e1 al\u00e9m de todas elas, e de forma inc\u00f3lume. Jamais nossas contempla\u00e7\u00f5es levam em conta \u201capar\u00eancias\u201d deste mundo! Todas elas, boas ou m\u00e1s, s\u00e3o \u201cimagens falsas\u201d, pura ILUS\u00c3O. O que somos AGORA, \u00e9 o que realmente sempre somos, sem v\u00ednculo algum com \u201cimagens\u201d supostamente vistas pela mente humana.<\/span><\/strong><\/h2>\n<h2 align=\"center\"><strong><span style=\"color: #990000;\">Parta da Verdade, da Mente divina <em>sendo<\/em> a sua! Parta de sua PERFEI\u00c7\u00c3O mantida pela Consci\u00eancia infinita! Mary Baker Eddy disse o seguinte: <em>\u201cNada \u00e9 real e eterno \u2013 nada \u00e9 Esp\u00edrito \u2013 a n\u00e3o ser Deus e Sua ideia. O mal n\u00e3o tem realidade. N\u00e3o \u00e9 pessoa, nem lugar, nem coisa, mas simplesmente uma cren\u00e7a, uma ilus\u00e3o do sentido material\u201d.<\/em> Estes princ\u00edpios devem reger nossas \u201ccontempla\u00e7\u00f5es da Verdade\u201d, e aceitos sem contesta\u00e7\u00e3o, com \u201ccora\u00e7\u00e3o de crian\u00e7a\u201d, de modo que nosso \u201cponto de partida\u201d seja realmente condizente com o \u201ccontemplar a Verdade\u201d, e nunca com qualquer \u201cparticipa\u00e7\u00e3o\u201d da <em>ILUS\u00c3O.<\/em><\/span><\/strong><\/h2>\n<h2 align=\"center\"><strong><span style=\"color: #990000;\">*<\/span><\/strong><\/h2>\n","protected":false},"excerpt":{"rendered":"<p>A Verdade eterna \u00e9 sem come\u00e7o e sem fim; assim, toda vez que nos dispusermos a contempl\u00e1-la, estaremos fazendo-o a partir de sua perman\u00eancia, isto \u00e9, do fato perene de que a Verdade \u00c9! Quando partimos do Fato de que a Verdade \u00c9, n\u00e3o teremos algo al\u00e9m de Deus para considerar, uma vez que esta &hellip; <\/p>\n<p class=\"link-more\"><a href=\"https:\/\/www.fachodeluz.blog.br\/wp\/2012\/04\/06\/o-ponto-de-partida-nas-contemplacoes\/\" class=\"more-link\">Leia mais<span class=\"screen-reader-text\"> &#8220;O Ponto de Partida Nas Contempla\u00e7\u00f5es&#8221;<\/span><\/a><\/p>\n","protected":false},"author":2,"featured_media":0,"comment_status":"open","ping_status":"closed","sticky":false,"template":"","format":"standard","meta":{"nf_dc_page":"","_crdt_document":"","footnotes":""},"categories":[10],"tags":[],"class_list":["post-9890","post","type-post","status-publish","format-standard","hentry","category-darcio-dezolt"],"featured_media_urls":[],"_links":{"self":[{"href":"https:\/\/www.fachodeluz.blog.br\/wp\/wp-json\/wp\/v2\/posts\/9890","targetHints":{"allow":["GET"]}}],"collection":[{"href":"https:\/\/www.fachodeluz.blog.br\/wp\/wp-json\/wp\/v2\/posts"}],"about":[{"href":"https:\/\/www.fachodeluz.blog.br\/wp\/wp-json\/wp\/v2\/types\/post"}],"author":[{"embeddable":true,"href":"https:\/\/www.fachodeluz.blog.br\/wp\/wp-json\/wp\/v2\/users\/2"}],"replies":[{"embeddable":true,"href":"https:\/\/www.fachodeluz.blog.br\/wp\/wp-json\/wp\/v2\/comments?post=9890"}],"version-history":[{"count":0,"href":"https:\/\/www.fachodeluz.blog.br\/wp\/wp-json\/wp\/v2\/posts\/9890\/revisions"}],"wp:attachment":[{"href":"https:\/\/www.fachodeluz.blog.br\/wp\/wp-json\/wp\/v2\/media?parent=9890"}],"wp:term":[{"taxonomy":"category","embeddable":true,"href":"https:\/\/www.fachodeluz.blog.br\/wp\/wp-json\/wp\/v2\/categories?post=9890"},{"taxonomy":"post_tag","embeddable":true,"href":"https:\/\/www.fachodeluz.blog.br\/wp\/wp-json\/wp\/v2\/tags?post=9890"}],"curies":[{"name":"wp","href":"https:\/\/api.w.org\/{rel}","templated":true}]}}