{"id":9922,"date":"2012-04-10T01:15:44","date_gmt":"2012-04-10T04:15:44","guid":{"rendered":"http:\/\/fachodeluz.blog.br\/wp\/?p=9922"},"modified":"2012-04-10T01:15:44","modified_gmt":"2012-04-10T04:15:44","slug":"dispense-as-imagens-retidas-na-mente","status":"publish","type":"post","link":"https:\/\/www.fachodeluz.blog.br\/wp\/2012\/04\/10\/dispense-as-imagens-retidas-na-mente\/","title":{"rendered":"Dispense as Imagens Retidas na Mente"},"content":{"rendered":"<div style=\"text-align: center;\">\n<h2 align=\"center\"><span style=\"color: #000038;\"><a href=\"https:\/\/i0.wp.com\/fachodeluz.blog.br\/wp\/wp-content\/uploads\/2012\/04\/le2A1.gif\"><img data-recalc-dims=\"1\" loading=\"lazy\" decoding=\"async\" loading=\"lazy\" class=\"aligncenter size-full wp-image-9924\" title=\"le2A\" src=\"https:\/\/i0.wp.com\/fachodeluz.blog.br\/wp\/wp-content\/uploads\/2012\/04\/le2A1.gif?resize=450%2C300\" alt=\"\" width=\"450\" height=\"300\" srcset=\"https:\/\/i0.wp.com\/www.fachodeluz.blog.br\/wp\/wp-content\/uploads\/2012\/04\/le2A1.gif?w=450&amp;ssl=1 450w, https:\/\/i0.wp.com\/www.fachodeluz.blog.br\/wp\/wp-content\/uploads\/2012\/04\/le2A1.gif?resize=300%2C200&amp;ssl=1 300w\" sizes=\"auto, (max-width: 450px) 100vw, 450px\" \/><\/a><\/span><\/h2>\n<h2 align=\"center\"><span style=\"color: #3d1800;\">As \u201cimagens hipn\u00f3ticas\u201d que a suposta mente humana nos apresenta s\u00e3o puras \u201cmiragens\u201d a serem<em> conscientemente dispensadas.<\/em> DEUS \u00c9 TUDO, mas estas \u201cimagens hipn\u00f3ticas\u201d tentam nos fazer crer em sua veracidade, enquanto s\u00e3o, na verdade,\u00a0 pur\u00edssimo \u201cnada\u201d.<\/span><\/h2>\n<h2 align=\"center\"><span style=\"color: #3d1800;\">N a literatura espiritual da <em>Unidade,<\/em> sempre \u00e9 repetido: <em>\u201cDeixe IR&#8230;e deixe DEUS!\u201d<\/em> O sentido \u00e9 aceitarmos a presen\u00e7a \u00fanica de Deus enquanto, ao mesmo tempo, dispensamos os \u201cquadros ilus\u00f3rios\u201d. Esta atitude espiritual deve ser tomada de forma v\u00edvida, isto \u00e9, devemos contemplar que \u201cestamos na totalidade de Deus\u201d enquanto sentimos os \u201cquadros hipn\u00f3ticos\u201d irem se soltando de nossa aceita\u00e7\u00e3o como nuvens de fuma\u00e7a, at\u00e9 sumirem em sua pr\u00f3pria nulidade! N\u00e3o h\u00e1 subst\u00e2ncia nem lei nestas \u201capar\u00eancias\u201d; mas, por terem ficado gravadas como se fossem reais, precisamos assumir uma postura bem radical frente a elas, fazendo-as realmente se dispersarem, enquanto, ao mesmo tempo, aceitamos a Onipresen\u00e7a da Perfei\u00e7\u00e3o em seu lugar.<\/span><\/h2>\n<h2 align=\"center\"><span style=\"color: #3d1800;\">\u00c9 importante tirarmos da mente as imagens fraudulentas, tanto mediante as contempla\u00e7\u00f5es absolutas quanto utilizando a Ci\u00eancia Mental, com a qual negamos a realidade de tais imagens enquanto discernimos a presen\u00e7a da realidade divina sempre PERFEITA em lugar delas. <em>DEUS \u00c9 TUDO!<\/em> E esta totalidade \u00e9 Harmonia Perene! Aquele que, munido desta convic\u00e7\u00e3o, utilizar estas \u201carmas da Luz\u201d, <em>sem esmorecer,<\/em> ver\u00e1 o desmantelamento das falsidades apresentadas pela mente humana, todas elas integralmente ilus\u00f3rias.<\/span><\/h2>\n<h2 align=\"center\"><span style=\"color: #3d1800;\">*<\/span><\/h2>\n<\/div>\n","protected":false},"excerpt":{"rendered":"<p>As \u201cimagens hipn\u00f3ticas\u201d que a suposta mente humana nos apresenta s\u00e3o puras \u201cmiragens\u201d a serem conscientemente dispensadas. DEUS \u00c9 TUDO, mas estas \u201cimagens hipn\u00f3ticas\u201d tentam nos fazer crer em sua veracidade, enquanto s\u00e3o, na verdade,\u00a0 pur\u00edssimo \u201cnada\u201d. N a literatura espiritual da Unidade, sempre \u00e9 repetido: \u201cDeixe IR&#8230;e deixe DEUS!\u201d O sentido \u00e9 aceitarmos a &hellip; <\/p>\n<p class=\"link-more\"><a href=\"https:\/\/www.fachodeluz.blog.br\/wp\/2012\/04\/10\/dispense-as-imagens-retidas-na-mente\/\" class=\"more-link\">Leia mais<span class=\"screen-reader-text\"> &#8220;Dispense as Imagens Retidas na Mente&#8221;<\/span><\/a><\/p>\n","protected":false},"author":2,"featured_media":0,"comment_status":"open","ping_status":"closed","sticky":false,"template":"","format":"standard","meta":{"nf_dc_page":"","_crdt_document":"","footnotes":""},"categories":[10],"tags":[],"class_list":["post-9922","post","type-post","status-publish","format-standard","hentry","category-darcio-dezolt"],"featured_media_urls":[],"_links":{"self":[{"href":"https:\/\/www.fachodeluz.blog.br\/wp\/wp-json\/wp\/v2\/posts\/9922","targetHints":{"allow":["GET"]}}],"collection":[{"href":"https:\/\/www.fachodeluz.blog.br\/wp\/wp-json\/wp\/v2\/posts"}],"about":[{"href":"https:\/\/www.fachodeluz.blog.br\/wp\/wp-json\/wp\/v2\/types\/post"}],"author":[{"embeddable":true,"href":"https:\/\/www.fachodeluz.blog.br\/wp\/wp-json\/wp\/v2\/users\/2"}],"replies":[{"embeddable":true,"href":"https:\/\/www.fachodeluz.blog.br\/wp\/wp-json\/wp\/v2\/comments?post=9922"}],"version-history":[{"count":0,"href":"https:\/\/www.fachodeluz.blog.br\/wp\/wp-json\/wp\/v2\/posts\/9922\/revisions"}],"wp:attachment":[{"href":"https:\/\/www.fachodeluz.blog.br\/wp\/wp-json\/wp\/v2\/media?parent=9922"}],"wp:term":[{"taxonomy":"category","embeddable":true,"href":"https:\/\/www.fachodeluz.blog.br\/wp\/wp-json\/wp\/v2\/categories?post=9922"},{"taxonomy":"post_tag","embeddable":true,"href":"https:\/\/www.fachodeluz.blog.br\/wp\/wp-json\/wp\/v2\/tags?post=9922"}],"curies":[{"name":"wp","href":"https:\/\/api.w.org\/{rel}","templated":true}]}}